{"id":259,"date":"2011-06-23T12:49:27","date_gmt":"2011-06-23T12:49:27","guid":{"rendered":"https:\/\/form-klar.de\/schorcht\/?p=259"},"modified":"2024-02-03T04:22:05","modified_gmt":"2024-02-03T04:22:05","slug":"blech-expo-war-erfolg","status":"publish","type":"post","link":"https:\/\/form-klar.de\/schorcht\/allgemein\/blech-expo-war-erfolg\/","title":{"rendered":"Blech Expo war Erfolg"},"content":{"rendered":"<p>Auch in diesem Jahr waren wir nach der Control gleich einen Monat sp\u00e4ter wieder Gast in Stuttgart. Die BlechExpo \u00f6ffnete f\u00fcr 4 Tage ihre Pforten. Viele Fachbesucher stellten Fragen und bestaunten unsere Ausstellungsst\u00fccke.<\/p>\n","protected":false},"excerpt":{"rendered":"<p>Auch in diesem Jahr waren wir nach der Control gleich einen Monat sp\u00e4ter wieder Gast in Stuttgart. Die BlechExpo \u00f6ffnete f\u00fcr 4 Tage ihre Pforten. [&hellip;]<\/p>\n","protected":false},"author":1,"featured_media":3872,"comment_status":"closed","ping_status":"closed","sticky":false,"template":"","format":"standard","meta":{"ngg_post_thumbnail":0,"footnotes":"","_links_to":"","_links_to_target":""},"categories":[1],"tags":[],"yoast_head":"<!-- This site is optimized with the Yoast SEO plugin v22.5 - https:\/\/yoast.com\/wordpress\/plugins\/seo\/ -->\n<title>Blech Expo war Erfolg | Laserzentrum Schorcht<\/title>\n<meta name=\"robots\" content=\"noindex, follow, max-snippet:-1, max-image-preview:large, max-video-preview:-1\" \/>\n<meta property=\"og:locale\" content=\"de_DE\" \/>\n<meta property=\"og:type\" content=\"article\" \/>\n<meta property=\"og:title\" content=\"Blech Expo war Erfolg | Laserzentrum Schorcht\" \/>\n<meta property=\"og:description\" content=\"Auch in diesem Jahr waren wir nach der Control gleich einen Monat sp\u00e4ter wieder Gast in Stuttgart. Die BlechExpo \u00f6ffnete f\u00fcr 4 Tage ihre Pforten. [&hellip;]\" \/>\n<meta property=\"og:url\" content=\"https:\/\/form-klar.de\/schorcht\/allgemein\/blech-expo-war-erfolg\/\" \/>\n<meta property=\"og:site_name\" content=\"Laserzentrum Schorcht\" \/>\n<meta property=\"article:published_time\" content=\"2011-06-23T12:49:27+00:00\" \/>\n<meta property=\"article:modified_time\" content=\"2024-02-03T04:22:05+00:00\" \/>\n<meta property=\"og:image\" content=\"https:\/\/form-klar.de\/schorcht\/wp-content\/uploads\/blechexpo-logo.jpg\" \/>\n\t<meta property=\"og:image:width\" content=\"1000\" \/>\n\t<meta property=\"og:image:height\" content=\"500\" \/>\n\t<meta property=\"og:image:type\" content=\"image\/jpeg\" \/>\n<meta name=\"author\" content=\"admin\" \/>\n<meta name=\"twitter:label1\" content=\"Verfasst von\" \/>\n\t<meta name=\"twitter:data1\" content=\"admin\" \/>\n<script type=\"application\/ld+json\" class=\"yoast-schema-graph\">{\"@context\":\"https:\/\/schema.org\",\"@graph\":[{\"@type\":\"WebPage\",\"@id\":\"https:\/\/form-klar.de\/schorcht\/allgemein\/blech-expo-war-erfolg\/\",\"url\":\"https:\/\/form-klar.de\/schorcht\/allgemein\/blech-expo-war-erfolg\/\",\"name\":\"Blech Expo war Erfolg | Laserzentrum Schorcht\",\"isPartOf\":{\"@id\":\"https:\/\/form-klar.de\/schorcht\/#website\"},\"primaryImageOfPage\":{\"@id\":\"https:\/\/form-klar.de\/schorcht\/allgemein\/blech-expo-war-erfolg\/#primaryimage\"},\"image\":{\"@id\":\"https:\/\/form-klar.de\/schorcht\/allgemein\/blech-expo-war-erfolg\/#primaryimage\"},\"thumbnailUrl\":\"https:\/\/form-klar.de\/schorcht\/wp-content\/uploads\/blechexpo-logo.jpg\",\"datePublished\":\"2011-06-23T12:49:27+00:00\",\"dateModified\":\"2024-02-03T04:22:05+00:00\",\"author\":{\"@id\":\"https:\/\/form-klar.de\/schorcht\/#\/schema\/person\/49f7765f719ad8fd79d4daeb9218d4c7\"},\"inLanguage\":\"de\",\"potentialAction\":[{\"@type\":\"ReadAction\",\"target\":[\"https:\/\/form-klar.de\/schorcht\/allgemein\/blech-expo-war-erfolg\/\"]}]},{\"@type\":\"ImageObject\",\"inLanguage\":\"de\",\"@id\":\"https:\/\/form-klar.de\/schorcht\/allgemein\/blech-expo-war-erfolg\/#primaryimage\",\"url\":\"https:\/\/form-klar.de\/schorcht\/wp-content\/uploads\/blechexpo-logo.jpg\",\"contentUrl\":\"https:\/\/form-klar.de\/schorcht\/wp-content\/uploads\/blechexpo-logo.jpg\",\"width\":1000,\"height\":500},{\"@type\":\"WebSite\",\"@id\":\"https:\/\/form-klar.de\/schorcht\/#website\",\"url\":\"https:\/\/form-klar.de\/schorcht\/\",\"name\":\"Laserzentrum Schorcht\",\"description\":\"Lohnfertigung in der Lasermaterialbearbeitung - 12 Laseranlagen\",\"potentialAction\":[{\"@type\":\"SearchAction\",\"target\":{\"@type\":\"EntryPoint\",\"urlTemplate\":\"https:\/\/form-klar.de\/schorcht\/?s={search_term_string}\"},\"query-input\":\"required name=search_term_string\"}],\"inLanguage\":\"de\"},{\"@type\":\"Person\",\"@id\":\"https:\/\/form-klar.de\/schorcht\/#\/schema\/person\/49f7765f719ad8fd79d4daeb9218d4c7\",\"name\":\"admin\",\"url\":\"https:\/\/form-klar.de\/schorcht\/author\/admin\/\"}]}<\/script>\n<!-- \/ Yoast SEO plugin. -->","yoast_head_json":{"title":"Blech Expo war Erfolg | Laserzentrum Schorcht","robots":{"index":"noindex","follow":"follow","max-snippet":"max-snippet:-1","max-image-preview":"max-image-preview:large","max-video-preview":"max-video-preview:-1"},"og_locale":"de_DE","og_type":"article","og_title":"Blech Expo war Erfolg | Laserzentrum Schorcht","og_description":"Auch in diesem Jahr waren wir nach der Control gleich einen Monat sp\u00e4ter wieder Gast in Stuttgart. Die BlechExpo \u00f6ffnete f\u00fcr 4 Tage ihre Pforten. [&hellip;]","og_url":"https:\/\/form-klar.de\/schorcht\/allgemein\/blech-expo-war-erfolg\/","og_site_name":"Laserzentrum Schorcht","article_published_time":"2011-06-23T12:49:27+00:00","article_modified_time":"2024-02-03T04:22:05+00:00","og_image":[{"width":1000,"height":500,"url":"https:\/\/form-klar.de\/schorcht\/wp-content\/uploads\/blechexpo-logo.jpg","type":"image\/jpeg"}],"author":"admin","twitter_misc":{"Verfasst von":"admin"},"schema":{"@context":"https:\/\/schema.org","@graph":[{"@type":"WebPage","@id":"https:\/\/form-klar.de\/schorcht\/allgemein\/blech-expo-war-erfolg\/","url":"https:\/\/form-klar.de\/schorcht\/allgemein\/blech-expo-war-erfolg\/","name":"Blech Expo war Erfolg | Laserzentrum Schorcht","isPartOf":{"@id":"https:\/\/form-klar.de\/schorcht\/#website"},"primaryImageOfPage":{"@id":"https:\/\/form-klar.de\/schorcht\/allgemein\/blech-expo-war-erfolg\/#primaryimage"},"image":{"@id":"https:\/\/form-klar.de\/schorcht\/allgemein\/blech-expo-war-erfolg\/#primaryimage"},"thumbnailUrl":"https:\/\/form-klar.de\/schorcht\/wp-content\/uploads\/blechexpo-logo.jpg","datePublished":"2011-06-23T12:49:27+00:00","dateModified":"2024-02-03T04:22:05+00:00","author":{"@id":"https:\/\/form-klar.de\/schorcht\/#\/schema\/person\/49f7765f719ad8fd79d4daeb9218d4c7"},"inLanguage":"de","potentialAction":[{"@type":"ReadAction","target":["https:\/\/form-klar.de\/schorcht\/allgemein\/blech-expo-war-erfolg\/"]}]},{"@type":"ImageObject","inLanguage":"de","@id":"https:\/\/form-klar.de\/schorcht\/allgemein\/blech-expo-war-erfolg\/#primaryimage","url":"https:\/\/form-klar.de\/schorcht\/wp-content\/uploads\/blechexpo-logo.jpg","contentUrl":"https:\/\/form-klar.de\/schorcht\/wp-content\/uploads\/blechexpo-logo.jpg","width":1000,"height":500},{"@type":"WebSite","@id":"https:\/\/form-klar.de\/schorcht\/#website","url":"https:\/\/form-klar.de\/schorcht\/","name":"Laserzentrum Schorcht","description":"Lohnfertigung in der Lasermaterialbearbeitung - 12 Laseranlagen","potentialAction":[{"@type":"SearchAction","target":{"@type":"EntryPoint","urlTemplate":"https:\/\/form-klar.de\/schorcht\/?s={search_term_string}"},"query-input":"required name=search_term_string"}],"inLanguage":"de"},{"@type":"Person","@id":"https:\/\/form-klar.de\/schorcht\/#\/schema\/person\/49f7765f719ad8fd79d4daeb9218d4c7","name":"admin","url":"https:\/\/form-klar.de\/schorcht\/author\/admin\/"}]}},"_links":{"self":[{"href":"https:\/\/form-klar.de\/schorcht\/wp-json\/wp\/v2\/posts\/259"}],"collection":[{"href":"https:\/\/form-klar.de\/schorcht\/wp-json\/wp\/v2\/posts"}],"about":[{"href":"https:\/\/form-klar.de\/schorcht\/wp-json\/wp\/v2\/types\/post"}],"author":[{"embeddable":true,"href":"https:\/\/form-klar.de\/schorcht\/wp-json\/wp\/v2\/users\/1"}],"replies":[{"embeddable":true,"href":"https:\/\/form-klar.de\/schorcht\/wp-json\/wp\/v2\/comments?post=259"}],"version-history":[{"count":6,"href":"https:\/\/form-klar.de\/schorcht\/wp-json\/wp\/v2\/posts\/259\/revisions"}],"predecessor-version":[{"id":3552,"href":"https:\/\/form-klar.de\/schorcht\/wp-json\/wp\/v2\/posts\/259\/revisions\/3552"}],"wp:featuredmedia":[{"embeddable":true,"href":"https:\/\/form-klar.de\/schorcht\/wp-json\/wp\/v2\/media\/3872"}],"wp:attachment":[{"href":"https:\/\/form-klar.de\/schorcht\/wp-json\/wp\/v2\/media?parent=259"}],"wp:term":[{"taxonomy":"category","embeddable":true,"href":"https:\/\/form-klar.de\/schorcht\/wp-json\/wp\/v2\/categories?post=259"},{"taxonomy":"post_tag","embeddable":true,"href":"https:\/\/form-klar.de\/schorcht\/wp-json\/wp\/v2\/tags?post=259"}],"curies":[{"name":"wp","href":"https:\/\/api.w.org\/{rel}","templated":true}]}}