{"id":1570,"date":"2020-12-08T16:13:27","date_gmt":"2020-12-08T16:13:27","guid":{"rendered":"https:\/\/form-klar.de\/schorcht\/?p=1570"},"modified":"2023-12-22T16:51:55","modified_gmt":"2023-12-22T16:51:55","slug":"brandschutzerziehung-und-brandschutzaufklaerung-fuer-kinder-kreisfeuerwehrverband-saale-holzland-e-v","status":"publish","type":"post","link":"https:\/\/form-klar.de\/schorcht\/allgemein\/brandschutzerziehung-und-brandschutzaufklaerung-fuer-kinder-kreisfeuerwehrverband-saale-holzland-e-v\/","title":{"rendered":"Brandschutzerziehung und Brandschutzaufkl\u00e4rung f\u00fcr Kinder: Kreisfeuerwehrverband Saale-Holzland e.V."},"content":{"rendered":"<div class=\"fusion-fullwidth fullwidth-box fusion-builder-row-1 fusion-flex-container nonhundred-percent-fullwidth non-hundred-percent-height-scrolling\" style=\"--awb-border-radius-top-left:0px;--awb-border-radius-top-right:0px;--awb-border-radius-bottom-right:0px;--awb-border-radius-bottom-left:0px;--awb-flex-wrap:wrap;\" ><div class=\"fusion-builder-row fusion-row fusion-flex-align-items-flex-start fusion-flex-content-wrap\" style=\"max-width:calc( 1600px + 60px );margin-left: calc(-60px \/ 2 );margin-right: calc(-60px \/ 2 );\"><div class=\"fusion-layout-column fusion_builder_column fusion-builder-column-0 fusion_builder_column_1_1 1_1 fusion-flex-column\" style=\"--awb-bg-size:cover;--awb-width-large:100%;--awb-margin-top-large:0px;--awb-spacing-right-large:30px;--awb-margin-bottom-large:0px;--awb-spacing-left-large:30px;--awb-width-medium:100%;--awb-spacing-right-medium:30px;--awb-spacing-left-medium:30px;--awb-width-small:100%;--awb-spacing-right-small:30px;--awb-spacing-left-small:30px;\"><div class=\"fusion-column-wrapper fusion-flex-justify-content-flex-start fusion-content-layout-column\"><div class=\"fusion-text fusion-text-1\" style=\"--awb-content-alignment:center;\"><p><img decoding=\"async\" class=\"lazyload wp-image-1571 size-large alignnone\" src=\"https:\/\/form-klar.de\/schorcht\/wp-content\/uploads\/2020\/12\/Brandschutzerziehung-und-Brandschutzaufkl\u00e4rung-f\u00fcr-Kinder-Kreisfeuerwehrverband-Saale-Holzland-e.V.-714x1024.jpg\" data-orig-src=\"https:\/\/form-klar.de\/schorcht\/wp-content\/uploads\/2020\/12\/Brandschutzerziehung-und-Brandschutzaufkl\u00e4rung-f\u00fcr-Kinder-Kreisfeuerwehrverband-Saale-Holzland-e.V.-714x1024.jpg\" alt=\"Brandschutzerziehung und Brandschutzaufkl\u00e4rung f\u00fcr Kinder: Kreisfeuerwehrverband Saale-Holzland e.V.\" width=\"714\" height=\"1024\" srcset=\"data:image\/svg+xml,%3Csvg%20xmlns%3D%27http%3A%2F%2Fwww.w3.org%2F2000%2Fsvg%27%20width%3D%27714%27%20height%3D%271024%27%20viewBox%3D%270%200%20714%201024%27%3E%3Crect%20width%3D%27714%27%20height%3D%271024%27%20fill-opacity%3D%220%22%2F%3E%3C%2Fsvg%3E\" data-srcset=\"https:\/\/form-klar.de\/schorcht\/wp-content\/uploads\/2020\/12\/Brandschutzerziehung-und-Brandschutzaufkl\u00e4rung-f\u00fcr-Kinder-Kreisfeuerwehrverband-Saale-Holzland-e.V.-200x287.jpg 200w, https:\/\/form-klar.de\/schorcht\/wp-content\/uploads\/2020\/12\/Brandschutzerziehung-und-Brandschutzaufkl\u00e4rung-f\u00fcr-Kinder-Kreisfeuerwehrverband-Saale-Holzland-e.V.-209x300.jpg 209w, https:\/\/form-klar.de\/schorcht\/wp-content\/uploads\/2020\/12\/Brandschutzerziehung-und-Brandschutzaufkl\u00e4rung-f\u00fcr-Kinder-Kreisfeuerwehrverband-Saale-Holzland-e.V.-400x574.jpg 400w, https:\/\/form-klar.de\/schorcht\/wp-content\/uploads\/2020\/12\/Brandschutzerziehung-und-Brandschutzaufkl\u00e4rung-f\u00fcr-Kinder-Kreisfeuerwehrverband-Saale-Holzland-e.V.-600x861.jpg 600w, https:\/\/form-klar.de\/schorcht\/wp-content\/uploads\/2020\/12\/Brandschutzerziehung-und-Brandschutzaufkl\u00e4rung-f\u00fcr-Kinder-Kreisfeuerwehrverband-Saale-Holzland-e.V.-714x1024.jpg 714w, https:\/\/form-klar.de\/schorcht\/wp-content\/uploads\/2020\/12\/Brandschutzerziehung-und-Brandschutzaufkl\u00e4rung-f\u00fcr-Kinder-Kreisfeuerwehrverband-Saale-Holzland-e.V.-768x1102.jpg 768w, https:\/\/form-klar.de\/schorcht\/wp-content\/uploads\/2020\/12\/Brandschutzerziehung-und-Brandschutzaufkl\u00e4rung-f\u00fcr-Kinder-Kreisfeuerwehrverband-Saale-Holzland-e.V.-800x1148.jpg 800w, https:\/\/form-klar.de\/schorcht\/wp-content\/uploads\/2020\/12\/Brandschutzerziehung-und-Brandschutzaufkl\u00e4rung-f\u00fcr-Kinder-Kreisfeuerwehrverband-Saale-Holzland-e.V..jpg 1200w\" data-sizes=\"auto\" data-orig-sizes=\"(max-width: 714px) 100vw, 714px\" \/><\/p>\n<p>Brandschutzerziehung und Brandschutzaufkl\u00e4rung f\u00fcr Kinder: <strong><a title=\"Kreisfeuerwehrverband Saale-Holzland e.V.\" href=\"http:\/\/www.kreisjugendfeuerwehr-shk.de\/\">Kreisfeuerwehrverband Saale-Holzland e.V.<\/a><\/strong><\/p>\n<\/div><\/div><\/div><\/div><\/div>","protected":false},"excerpt":{"rendered":"","protected":false},"author":10,"featured_media":1571,"comment_status":"closed","ping_status":"closed","sticky":false,"template":"","format":"standard","meta":{"ngg_post_thumbnail":0,"footnotes":"","_links_to":"","_links_to_target":""},"categories":[1],"tags":[],"yoast_head":"<!-- This site is optimized with the Yoast SEO plugin v22.5 - https:\/\/yoast.com\/wordpress\/plugins\/seo\/ -->\n<title>Brandschutzerziehung und Brandschutzaufkl\u00e4rung f\u00fcr Kinder: Kreisfeuerwehrverband Saale-Holzland e.V.<\/title>\n<meta name=\"description\" content=\"Brandschutzerziehung und Brandschutzaufkl\u00e4rung f\u00fcr Kinder: Kreisfeuerwehrverband Saale-Holzland e.V.\" \/>\n<meta name=\"robots\" content=\"noindex, follow, max-snippet:-1, max-image-preview:large, max-video-preview:-1\" \/>\n<meta property=\"og:locale\" content=\"de_DE\" \/>\n<meta property=\"og:type\" content=\"article\" \/>\n<meta property=\"og:title\" content=\"Brandschutzerziehung und Brandschutzaufkl\u00e4rung f\u00fcr Kinder: Kreisfeuerwehrverband Saale-Holzland e.V.\" \/>\n<meta property=\"og:description\" content=\"Brandschutzerziehung und Brandschutzaufkl\u00e4rung f\u00fcr Kinder: Kreisfeuerwehrverband Saale-Holzland e.V.\" \/>\n<meta property=\"og:url\" content=\"https:\/\/form-klar.de\/schorcht\/allgemein\/brandschutzerziehung-und-brandschutzaufklaerung-fuer-kinder-kreisfeuerwehrverband-saale-holzland-e-v\/\" \/>\n<meta property=\"og:site_name\" content=\"Laserzentrum Schorcht\" \/>\n<meta property=\"article:published_time\" content=\"2020-12-08T16:13:27+00:00\" \/>\n<meta property=\"article:modified_time\" content=\"2023-12-22T16:51:55+00:00\" \/>\n<meta property=\"og:image\" content=\"https:\/\/form-klar.de\/schorcht\/wp-content\/uploads\/2020\/12\/Brandschutzerziehung-und-Brandschutzaufkl\u00e4rung-f\u00fcr-Kinder-Kreisfeuerwehrverband-Saale-Holzland-e.V..jpg\" \/>\n\t<meta property=\"og:image:width\" content=\"1200\" \/>\n\t<meta property=\"og:image:height\" content=\"1722\" \/>\n\t<meta property=\"og:image:type\" content=\"image\/jpeg\" \/>\n<meta name=\"author\" content=\"salzbrunn\" \/>\n<meta name=\"twitter:label1\" content=\"Verfasst von\" \/>\n\t<meta name=\"twitter:data1\" content=\"salzbrunn\" \/>\n\t<meta name=\"twitter:label2\" content=\"Gesch\u00e4tzte Lesezeit\" \/>\n\t<meta name=\"twitter:data2\" content=\"1\u00a0Minute\" \/>\n<script type=\"application\/ld+json\" class=\"yoast-schema-graph\">{\"@context\":\"https:\/\/schema.org\",\"@graph\":[{\"@type\":\"WebPage\",\"@id\":\"https:\/\/form-klar.de\/schorcht\/allgemein\/brandschutzerziehung-und-brandschutzaufklaerung-fuer-kinder-kreisfeuerwehrverband-saale-holzland-e-v\/\",\"url\":\"https:\/\/form-klar.de\/schorcht\/allgemein\/brandschutzerziehung-und-brandschutzaufklaerung-fuer-kinder-kreisfeuerwehrverband-saale-holzland-e-v\/\",\"name\":\"Brandschutzerziehung und Brandschutzaufkl\u00e4rung f\u00fcr Kinder: Kreisfeuerwehrverband Saale-Holzland e.V.\",\"isPartOf\":{\"@id\":\"https:\/\/form-klar.de\/schorcht\/#website\"},\"primaryImageOfPage\":{\"@id\":\"https:\/\/form-klar.de\/schorcht\/allgemein\/brandschutzerziehung-und-brandschutzaufklaerung-fuer-kinder-kreisfeuerwehrverband-saale-holzland-e-v\/#primaryimage\"},\"image\":{\"@id\":\"https:\/\/form-klar.de\/schorcht\/allgemein\/brandschutzerziehung-und-brandschutzaufklaerung-fuer-kinder-kreisfeuerwehrverband-saale-holzland-e-v\/#primaryimage\"},\"thumbnailUrl\":\"https:\/\/form-klar.de\/schorcht\/wp-content\/uploads\/2020\/12\/Brandschutzerziehung-und-Brandschutzaufkl\u00e4rung-f\u00fcr-Kinder-Kreisfeuerwehrverband-Saale-Holzland-e.V..jpg\",\"datePublished\":\"2020-12-08T16:13:27+00:00\",\"dateModified\":\"2023-12-22T16:51:55+00:00\",\"author\":{\"@id\":\"https:\/\/form-klar.de\/schorcht\/#\/schema\/person\/af5fc809f15904cbd75bd909afd8fd89\"},\"description\":\"Brandschutzerziehung und Brandschutzaufkl\u00e4rung f\u00fcr Kinder: Kreisfeuerwehrverband Saale-Holzland e.V.\",\"inLanguage\":\"de\",\"potentialAction\":[{\"@type\":\"ReadAction\",\"target\":[\"https:\/\/form-klar.de\/schorcht\/allgemein\/brandschutzerziehung-und-brandschutzaufklaerung-fuer-kinder-kreisfeuerwehrverband-saale-holzland-e-v\/\"]}]},{\"@type\":\"ImageObject\",\"inLanguage\":\"de\",\"@id\":\"https:\/\/form-klar.de\/schorcht\/allgemein\/brandschutzerziehung-und-brandschutzaufklaerung-fuer-kinder-kreisfeuerwehrverband-saale-holzland-e-v\/#primaryimage\",\"url\":\"https:\/\/form-klar.de\/schorcht\/wp-content\/uploads\/2020\/12\/Brandschutzerziehung-und-Brandschutzaufkl\u00e4rung-f\u00fcr-Kinder-Kreisfeuerwehrverband-Saale-Holzland-e.V..jpg\",\"contentUrl\":\"https:\/\/form-klar.de\/schorcht\/wp-content\/uploads\/2020\/12\/Brandschutzerziehung-und-Brandschutzaufkl\u00e4rung-f\u00fcr-Kinder-Kreisfeuerwehrverband-Saale-Holzland-e.V..jpg\",\"width\":1200,\"height\":1722,\"caption\":\"Brandschutzerziehung und Brandschutzaufkl\u00e4rung f\u00fcr Kinder: Kreisfeuerwehrverband Saale-Holzland e.V.\"},{\"@type\":\"WebSite\",\"@id\":\"https:\/\/form-klar.de\/schorcht\/#website\",\"url\":\"https:\/\/form-klar.de\/schorcht\/\",\"name\":\"Laserzentrum Schorcht\",\"description\":\"Lohnfertigung in der Lasermaterialbearbeitung - 12 Laseranlagen\",\"potentialAction\":[{\"@type\":\"SearchAction\",\"target\":{\"@type\":\"EntryPoint\",\"urlTemplate\":\"https:\/\/form-klar.de\/schorcht\/?s={search_term_string}\"},\"query-input\":\"required name=search_term_string\"}],\"inLanguage\":\"de\"},{\"@type\":\"Person\",\"@id\":\"https:\/\/form-klar.de\/schorcht\/#\/schema\/person\/af5fc809f15904cbd75bd909afd8fd89\",\"name\":\"salzbrunn\",\"url\":\"https:\/\/form-klar.de\/schorcht\/author\/salzbrunn\/\"}]}<\/script>\n<!-- \/ Yoast SEO plugin. -->","yoast_head_json":{"title":"Brandschutzerziehung und Brandschutzaufkl\u00e4rung f\u00fcr Kinder: Kreisfeuerwehrverband Saale-Holzland e.V.","description":"Brandschutzerziehung und Brandschutzaufkl\u00e4rung f\u00fcr Kinder: Kreisfeuerwehrverband Saale-Holzland e.V.","robots":{"index":"noindex","follow":"follow","max-snippet":"max-snippet:-1","max-image-preview":"max-image-preview:large","max-video-preview":"max-video-preview:-1"},"og_locale":"de_DE","og_type":"article","og_title":"Brandschutzerziehung und Brandschutzaufkl\u00e4rung f\u00fcr Kinder: Kreisfeuerwehrverband Saale-Holzland e.V.","og_description":"Brandschutzerziehung und Brandschutzaufkl\u00e4rung f\u00fcr Kinder: Kreisfeuerwehrverband Saale-Holzland e.V.","og_url":"https:\/\/form-klar.de\/schorcht\/allgemein\/brandschutzerziehung-und-brandschutzaufklaerung-fuer-kinder-kreisfeuerwehrverband-saale-holzland-e-v\/","og_site_name":"Laserzentrum Schorcht","article_published_time":"2020-12-08T16:13:27+00:00","article_modified_time":"2023-12-22T16:51:55+00:00","og_image":[{"width":1200,"height":1722,"url":"https:\/\/form-klar.de\/schorcht\/wp-content\/uploads\/2020\/12\/Brandschutzerziehung-und-Brandschutzaufkl\u00e4rung-f\u00fcr-Kinder-Kreisfeuerwehrverband-Saale-Holzland-e.V..jpg","type":"image\/jpeg"}],"author":"salzbrunn","twitter_misc":{"Verfasst von":"salzbrunn","Gesch\u00e4tzte Lesezeit":"1\u00a0Minute"},"schema":{"@context":"https:\/\/schema.org","@graph":[{"@type":"WebPage","@id":"https:\/\/form-klar.de\/schorcht\/allgemein\/brandschutzerziehung-und-brandschutzaufklaerung-fuer-kinder-kreisfeuerwehrverband-saale-holzland-e-v\/","url":"https:\/\/form-klar.de\/schorcht\/allgemein\/brandschutzerziehung-und-brandschutzaufklaerung-fuer-kinder-kreisfeuerwehrverband-saale-holzland-e-v\/","name":"Brandschutzerziehung und Brandschutzaufkl\u00e4rung f\u00fcr Kinder: Kreisfeuerwehrverband Saale-Holzland e.V.","isPartOf":{"@id":"https:\/\/form-klar.de\/schorcht\/#website"},"primaryImageOfPage":{"@id":"https:\/\/form-klar.de\/schorcht\/allgemein\/brandschutzerziehung-und-brandschutzaufklaerung-fuer-kinder-kreisfeuerwehrverband-saale-holzland-e-v\/#primaryimage"},"image":{"@id":"https:\/\/form-klar.de\/schorcht\/allgemein\/brandschutzerziehung-und-brandschutzaufklaerung-fuer-kinder-kreisfeuerwehrverband-saale-holzland-e-v\/#primaryimage"},"thumbnailUrl":"https:\/\/form-klar.de\/schorcht\/wp-content\/uploads\/2020\/12\/Brandschutzerziehung-und-Brandschutzaufkl\u00e4rung-f\u00fcr-Kinder-Kreisfeuerwehrverband-Saale-Holzland-e.V..jpg","datePublished":"2020-12-08T16:13:27+00:00","dateModified":"2023-12-22T16:51:55+00:00","author":{"@id":"https:\/\/form-klar.de\/schorcht\/#\/schema\/person\/af5fc809f15904cbd75bd909afd8fd89"},"description":"Brandschutzerziehung und Brandschutzaufkl\u00e4rung f\u00fcr Kinder: Kreisfeuerwehrverband Saale-Holzland e.V.","inLanguage":"de","potentialAction":[{"@type":"ReadAction","target":["https:\/\/form-klar.de\/schorcht\/allgemein\/brandschutzerziehung-und-brandschutzaufklaerung-fuer-kinder-kreisfeuerwehrverband-saale-holzland-e-v\/"]}]},{"@type":"ImageObject","inLanguage":"de","@id":"https:\/\/form-klar.de\/schorcht\/allgemein\/brandschutzerziehung-und-brandschutzaufklaerung-fuer-kinder-kreisfeuerwehrverband-saale-holzland-e-v\/#primaryimage","url":"https:\/\/form-klar.de\/schorcht\/wp-content\/uploads\/2020\/12\/Brandschutzerziehung-und-Brandschutzaufkl\u00e4rung-f\u00fcr-Kinder-Kreisfeuerwehrverband-Saale-Holzland-e.V..jpg","contentUrl":"https:\/\/form-klar.de\/schorcht\/wp-content\/uploads\/2020\/12\/Brandschutzerziehung-und-Brandschutzaufkl\u00e4rung-f\u00fcr-Kinder-Kreisfeuerwehrverband-Saale-Holzland-e.V..jpg","width":1200,"height":1722,"caption":"Brandschutzerziehung und Brandschutzaufkl\u00e4rung f\u00fcr Kinder: Kreisfeuerwehrverband Saale-Holzland e.V."},{"@type":"WebSite","@id":"https:\/\/form-klar.de\/schorcht\/#website","url":"https:\/\/form-klar.de\/schorcht\/","name":"Laserzentrum Schorcht","description":"Lohnfertigung in der Lasermaterialbearbeitung - 12 Laseranlagen","potentialAction":[{"@type":"SearchAction","target":{"@type":"EntryPoint","urlTemplate":"https:\/\/form-klar.de\/schorcht\/?s={search_term_string}"},"query-input":"required name=search_term_string"}],"inLanguage":"de"},{"@type":"Person","@id":"https:\/\/form-klar.de\/schorcht\/#\/schema\/person\/af5fc809f15904cbd75bd909afd8fd89","name":"salzbrunn","url":"https:\/\/form-klar.de\/schorcht\/author\/salzbrunn\/"}]}},"_links":{"self":[{"href":"https:\/\/form-klar.de\/schorcht\/wp-json\/wp\/v2\/posts\/1570"}],"collection":[{"href":"https:\/\/form-klar.de\/schorcht\/wp-json\/wp\/v2\/posts"}],"about":[{"href":"https:\/\/form-klar.de\/schorcht\/wp-json\/wp\/v2\/types\/post"}],"author":[{"embeddable":true,"href":"https:\/\/form-klar.de\/schorcht\/wp-json\/wp\/v2\/users\/10"}],"replies":[{"embeddable":true,"href":"https:\/\/form-klar.de\/schorcht\/wp-json\/wp\/v2\/comments?post=1570"}],"version-history":[{"count":4,"href":"https:\/\/form-klar.de\/schorcht\/wp-json\/wp\/v2\/posts\/1570\/revisions"}],"predecessor-version":[{"id":3556,"href":"https:\/\/form-klar.de\/schorcht\/wp-json\/wp\/v2\/posts\/1570\/revisions\/3556"}],"wp:featuredmedia":[{"embeddable":true,"href":"https:\/\/form-klar.de\/schorcht\/wp-json\/wp\/v2\/media\/1571"}],"wp:attachment":[{"href":"https:\/\/form-klar.de\/schorcht\/wp-json\/wp\/v2\/media?parent=1570"}],"wp:term":[{"taxonomy":"category","embeddable":true,"href":"https:\/\/form-klar.de\/schorcht\/wp-json\/wp\/v2\/categories?post=1570"},{"taxonomy":"post_tag","embeddable":true,"href":"https:\/\/form-klar.de\/schorcht\/wp-json\/wp\/v2\/tags?post=1570"}],"curies":[{"name":"wp","href":"https:\/\/api.w.org\/{rel}","templated":true}]}}